{"id":504,"date":"2016-06-17T15:42:34","date_gmt":"2016-06-17T13:42:34","guid":{"rendered":"http:\/\/zabota.de\/?p=504"},"modified":"2017-05-30T11:26:45","modified_gmt":"2017-05-30T09:26:45","slug":"43","status":"publish","type":"post","link":"http:\/\/zabota.de\/?p=504","title":{"rendered":"43"},"content":{"rendered":"<p>43! Das ist die Altersgrenze. Darunter sind die Briten<br \/>\neher f\u00fcr den Verbleib in der Europ\u00e4ischen Union,<br \/>\ndar\u00fcber eher dagegen. Es ist auch die Grenze zwischen<br \/>\nFortschritt und R\u00fcckschritt.<br \/>\n<!--more--><br \/>\nIn Gro\u00dfbritannien ringen\/rangen* die Bef\u00fcrworter und die Gegner einer EU-Mitgliedschaft miteinander. Dabei sind mehreren Umfragen zufolge die J\u00fcngeren, liberal eingestellten und kulturell aufgeschlossenen, f\u00fcr die Europ\u00e4ischen Union, die \u00e4lteren eher dagegen. Die magische Altersgrenze, so das Marktforschungsinstitut Yougov, liegt bei 43 Jahren<sup>2<\/sup>.<\/p>\n<p>Anscheinend geht es hier nicht nur um die EU, sondern um das zuversichtliche Nachvorneschauen und das verzagte Zur\u00fcckblicken. Es geht um Fortschritt oder R\u00fcckschritt.<\/p>\n<p>Der Fortschritt ist das gemeinsame Europa, derzeit in Gestalt der Europ\u00e4ischen Union. Der R\u00fcckschritt, der gro\u00dfe R\u00fcckschritt, ist, sich hinter dem Ofen w\u00e4rmender nationaler Gef\u00fchle zu verkriechen.<\/p>\n<p>\u00c4ltere in ganz Europa (43+) scheinen hier w\u00e4rmebed\u00fcrftiger (W\u00e4rme im Sinne von Heinrich Heine`s Kuhmagd<sup>1<\/sup>). Zur\u00fcck zum gro\u00dfen Gro\u00dfbritannien, zur guten alten BRD mitsamt ihren befestigten Grenzen, zur\u00fcck zur geliebten D-Mark (der Front National, &#8222;Zur\u00fcck zum Franc&#8220;, nennt es \u201emonet\u00e4re Souver\u00e4nit\u00e4t\u201c), zur\u00fcck zu den alten Autokennzeichen. Zur\u00fcck, zur\u00fcck!<\/p>\n<p>Zur\u00fcck zum Nationalstaat, der derzeit eher f\u00fcr das Gute steht, die Europ\u00e4ische Union, Br\u00fcssel, dagegen f\u00fcr das Schlechte. F\u00fcr alles Schlechte.<\/p>\n<p>Die Wahrheit sieht anders aus. Der Nationalstaat ist ein Modell von gestern, das heute nicht mehr in der Lage ist, die globalen Probleme von heute (u. a. Klima, Migration) zu l\u00f6sen. Der Nationalstaat ist der erste Schritt in den Krieg. Nur mit nationalem Pathos haben sich die V\u00f6lker gegeneinander aufhetzen lassen. Der Nationalstaat hat kaum noch wirtschaftliches Gewicht, zumindest Kleinstaaten nicht, wie Deutschland, Frankreich oder Gro\u00dfbritannien (demn\u00e4chst vielleicht Kleinbritannien, bestehend aus England und vielleicht mit Wales).<\/p>\n<p>Den Nationalstaat hat es auch nicht schon immer gegeben, wie viele \u00c4ltere glauben. Die Nationalstaaterei ist ein Ph\u00e4nomen des 19. Jahrhunderts. Davor gab es F\u00fcrstent\u00fcmer, deren Herrscherh\u00e4user eng miteinander verbunden waren \u2013 was sie freilich nicht daran gehindert hat, sich dauernd zu befehden.<\/p>\n<p>Auch wenn es viele nicht mehr h\u00f6ren k\u00f6nnen, weil es so selbstverst\u00e4ndlich scheint: die Fehden und die Kriege sind vorbei, es herrscht weitgehend Frieden. Schon das ist der Wert der Europ\u00e4ischen Union, der ausreichen m\u00fcsste.<\/p>\n<p>Aber auch alle anderen Werte, auf die wir heute bauen sind europ\u00e4ische Werte: die Demokratie, das Recht, die soziale Sicherung, die Wirtschaftsordnung. Und wenn wieder jemand fragt, welches eigentlich die gemeinsamen Werte in Europa seien, antworten Sie einfach: die doppelte Buchf\u00fchrung (beschreibt erstmalig Mitte des 15. Jh. der Kaufmann Benedetto Cotrugli in seinem Libro dell\u2019arte di mercatura<sup>2<\/sup>) und der Regenschirm<sup>3<\/sup>, eine jahrhundertealte kontinentaleurop\u00e4ische Erfindung, ohne die die Briten rettungslos verloren w\u00e4ren.<\/p>\n<p>Es ist Zeit, f\u00fcr diese Werte und f\u00fcr den Fortschritt k\u00e4mpfen.<br \/>\nEs ist Zeit, f\u00fcr Europa zu k\u00e4mpfen.<\/p>\n<p>Dazu hat k\u00fcrzlich das Magazin Neon<sup>4<\/sup> aufgerufen, ein Magazin, dessen Leserzielgruppe zwischen 20 und 35 Jahre alt ist.<\/p>\n<p>Das ist ein Hoffnungsschimmer, denn f\u00fcr diese Werte will scheinbar niemand mehr k\u00e4mpfen, nicht einmal die eher k\u00e4mpferisch veranlagte Jugend. Sie riss in den f\u00fcnfziger Jahren des vorigen Jahrhunderts Schlagb\u00e4ume nieder. Wer kennt heute noch Schlagb\u00e4ume, au\u00dfer bei Reisen in die Schweiz oder in der Fl\u00fcchtlingskrise? Es ist alles so selbstverst\u00e4ndlich geworden.<\/p>\n<p>Ist es nicht! Zum einen ist diese Europ\u00e4ische Union noch nicht perfekt, zum anderen kommen st\u00e4ndig neue Herausforderungen auf uns zu, zum Beispiel die Fl\u00fcchtlingskrisen oder das aggressive Verhalten anderer Staaten, die sich als \u201eGro\u00dfm\u00e4chte\u201c sehen und sich alles, nur keine starke EU w\u00fcnschen, sondern kleine Einzelstaaten, die sie schurigeln k\u00f6nnen.<\/p>\n<p>43 \u2013 das ist die Altersgrenze. \u201eSchlie\u00dflich hat keine Generation mehr von Europa profitiert als unsere,\u201c schreibt Neon. Und weiter geht\u2019s:<br \/>\n\u201eDu bist Teil der europ\u00e4ischen Generation. Anders als deine Eltern bist du nicht in einem Staat aufgewachsen, sondern in einem Staatenbund. Du stehst f\u00fcr Toleranz, bist multikulturell. Willst Du in einem Europa leben, das sich davon entfernt? Dir muss klar sein: Wenn du zul\u00e4sst, dass Europa kaputtgeht, handelst du gegen deine Chancen, deinen Lebensstil, deine eigene Identit\u00e4t. Du wirst vielleicht sp\u00e4ter Kinder haben, m\u00f6chtest du, dass sie dir sp\u00e4ter vorwerfen, deine Generation habe eine historische Chance verspielt und zugelassen, dass das dunkle Zeitalter des Nationalismus zur\u00fcckkehrt? \u2026<br \/>\nWenn jetzt nichts getan wird, starten Zerfallsprozesse, die schwer zu stoppen sind.<br \/>\nDu entscheidest, in welchem Europa wir alle sp\u00e4ter leben werden<sup>5<\/sup>\u201c.<\/p>\n<p>1 Unser Grab erw\u00e4rmt der Ruhm.<br \/>\nTorenworte! Narrentum!<br \/>\nEine be\u00dfre W\u00e4rme gibt<br \/>\nEine Kuhmagd, die verliebt<br \/>\nUns mit dicken Lippen k\u00fc\u00dft<br \/>\nUnd betr\u00e4chtlich riecht nach Mist.<br \/>\nGleichfalls eine be\u00dfre W\u00e4rme<br \/>\nW\u00e4rmt dem Menschen die Ged\u00e4rme,<br \/>\nWenn er Gl\u00fchwein trinkt und Punsch<br \/>\nOder Grog nach Herzenswunsch<br \/>\nIn den niedrigsten Spelunken,<br \/>\nUnter Dieben und Halunken,<br \/>\nDie dem Galgen sind entlaufen,<br \/>\nAber leben, atmen, schnaufen,<br \/>\nUnd beneidenswerter sind,<br \/>\nAls der Thetis gro\u00dfes Kind &#8211;<br \/>\nDer Pelide sprach mit Recht:<br \/>\nLeben wie der \u00e4rmste Knecht<br \/>\nIn der Oberwelt ist besser,<br \/>\nAls am stygischen Gew\u00e4sser<br \/>\nSchattenf\u00fchrer sein, ein Heros,<br \/>\nDen besungen selbst Homeros.<\/p>\n<p>Heirich Heine zitiert nach:<br \/>\n<a href=\"https:\/\/www.staff.uni-mainz.de\/pommeren\/Gedichte\/HeineNachlese\/epilog.htm\">https:\/\/www.staff.uni-mainz.de\/pommeren\/Gedichte\/HeineNachlese\/epilog.htm<\/a><\/p>\n<p>2 <a href=\"https:\/\/de.wikipedia.org\/wiki\/Buchf%C3%BChrung#Geschichte_der_Buchf.C3.BChrung\">Wikipedia\/Doppelte Buchf\u00fchrung<\/a><\/p>\n<p>3 <a href=\"https:\/\/de.wikipedia.org\/wiki\/Regenschirm\">Wikipedia\/Regenschirm<\/a><\/p>\n<p>4 <a href=\"http:\/\/blog.neon.de\/2015\/10\/neon-112015\/\">http:\/\/blog.neon.de\/2015\/10\/neon-112015\/<\/a><\/p>\n<p>5 Das ist insofern etwas ungerecht, weil die hier angesprochene Generation ja eben nicht an den \u201eSchalthebeln der Macht\u201c sitzt. Viel mehr Verantwortung tragen die Generationen jenseits der 43, die leider in der Lage sind Wahlergebnisse und Politik \u00fcber Geb\u00fchr zu beeinflussen.<\/p>\n<p>Auch interessant:<\/p>\n<p><a href=\"http:\/\/www.jef.de\">www.jef.de<\/a><\/p>\n<p><a href=\"http:\/\/www.junge-europaeische-bewegung.de\/\">http:\/\/www.junge-europaeische-bewegung.de\/<\/a><\/p>\n<p>42 (\u201efourty-two\u201c), nicht 43, ist \u00fcbrigens die per Computer errechnete Antwort auf die Frage \u201enach dem Leben, dem Universum und dem ganzen Rest\u201c (\u201clife, the universe and everything\u201d). Letztlich l\u00e4sst sich mit der Antwort nichts anfangen, weil niemand wei\u00df, wie die umschriebene Frage eigentlich exakt lautet. Die Antwort 42 (auf eine nicht-mathematische Frage) entstammt aus dem Roman- und der H\u00f6rspielreihe \u201ePer Anhalter durch die Galaxis\u201c von Douglas Adams.<\/p>\n<p>&nbsp;<\/p>\n<p>*23. Juni 2016<br \/>\n<a href=\"http:\/\/www.bento.de\/politik\/brexit-warum-junge-europaeer-sich-kein-leben-ohne-eu-vorstellen-koennen-662173\/#refsponi\">Die Generation Rollator macht Europa kaputt<\/a><br \/>\nIn der Altersgruppe 18-24 Jahre stimmten 73 Prozent f\u00fcr den<br \/>\nVerbleib Gro\u00dfbritanniens in der Europ\u00e4ischen Union.<br \/>\n25-24: 62 %<br \/>\n35-43: 52 %<\/p>\n","protected":false},"excerpt":{"rendered":"<p>43! Das ist die Altersgrenze. Darunter sind die Briten eher f\u00fcr den Verbleib in der Europ\u00e4ischen Union, dar\u00fcber eher dagegen. Es ist auch die Grenze zwischen Fortschritt und R\u00fcckschritt.<\/p>\n","protected":false},"author":1,"featured_media":505,"comment_status":"closed","ping_status":"closed","sticky":false,"template":"","format":"standard","meta":[],"categories":[1],"tags":[],"_links":{"self":[{"href":"http:\/\/zabota.de\/index.php?rest_route=\/wp\/v2\/posts\/504"}],"collection":[{"href":"http:\/\/zabota.de\/index.php?rest_route=\/wp\/v2\/posts"}],"about":[{"href":"http:\/\/zabota.de\/index.php?rest_route=\/wp\/v2\/types\/post"}],"author":[{"embeddable":true,"href":"http:\/\/zabota.de\/index.php?rest_route=\/wp\/v2\/users\/1"}],"replies":[{"embeddable":true,"href":"http:\/\/zabota.de\/index.php?rest_route=%2Fwp%2Fv2%2Fcomments&post=504"}],"version-history":[{"count":5,"href":"http:\/\/zabota.de\/index.php?rest_route=\/wp\/v2\/posts\/504\/revisions"}],"predecessor-version":[{"id":591,"href":"http:\/\/zabota.de\/index.php?rest_route=\/wp\/v2\/posts\/504\/revisions\/591"}],"wp:featuredmedia":[{"embeddable":true,"href":"http:\/\/zabota.de\/index.php?rest_route=\/wp\/v2\/media\/505"}],"wp:attachment":[{"href":"http:\/\/zabota.de\/index.php?rest_route=%2Fwp%2Fv2%2Fmedia&parent=504"}],"wp:term":[{"taxonomy":"category","embeddable":true,"href":"http:\/\/zabota.de\/index.php?rest_route=%2Fwp%2Fv2%2Fcategories&post=504"},{"taxonomy":"post_tag","embeddable":true,"href":"http:\/\/zabota.de\/index.php?rest_route=%2Fwp%2Fv2%2Ftags&post=504"}],"curies":[{"name":"wp","href":"https:\/\/api.w.org\/{rel}","templated":true}]}}